{"id":100138,"date":"2023-10-24T20:37:07","date_gmt":"2023-10-24T23:37:07","guid":{"rendered":"https:\/\/www.centraldenoticias.com.ar\/?p=100138"},"modified":"2023-10-24T20:37:29","modified_gmt":"2023-10-24T23:37:29","slug":"una-empresa-de-indumentaria-infantil-se-instalara-en-olavarria","status":"publish","type":"post","link":"https:\/\/cdnoticias.com\/index.php\/2023\/10\/24\/una-empresa-de-indumentaria-infantil-se-instalara-en-olavarria\/","title":{"rendered":"Una empresa de indumentaria infantil se instalar\u00e1 en Olavarr\u00eda"},"content":{"rendered":"<p>La decisi\u00f3n fue tomada luego de que Coopelectric y la Uni\u00f3n Industrial firmaran un acuerdo de comodato.<!--more--><\/p>\n<hr \/>\n<p>Los integrantes del Consejo de Administraci\u00f3n de <strong>Coopelectric<\/strong> mantuvieron un encuentro con las autoridades de la<strong> Uni\u00f3n Industrial de Olavarr\u00eda<\/strong> y de la empresa Alta Textil que se radicar\u00e1 en la ciudad. En esta oportunidad, <strong>se firm\u00f3 un acuerdo de comodato<\/strong> cediendo el <strong>uso gratuito durante cuatro meses<\/strong> de un inmueble que pertenece a Coopelectric, ubicado en avenida Pringles 2590, el cual ser\u00e1 utilizado para <strong>dictar capacitaciones.<\/strong><\/p>\n<p>&nbsp;<\/p>\n<p>Estuvieron presentes, el titular del Consejo de Administraci\u00f3n de Coopelectric Cruz Arouxet, el secretario Alberto Miotti, el presidente de la Uni\u00f3n Industrial de Olavarr\u00eda C\u00e9sar Longo, el director de Cheeky y gerente de la empresa Alta Textil, Nayi Awada y la encargada de Relaciones Institucionales de la UIO, Yoseli Ayalef.<\/p>\n<p>&nbsp;<\/p>\n<p>Se trata de la <strong>empresa de indumentaria infantil Cheeky, <\/strong>la cual <strong>instalar\u00e1 una f\u00e1brica textil en Olavarr\u00eda<\/strong> y en los pr\u00f3ximos cuatro meses capacitar\u00e1 a sus trabajadores en las instalaciones de la sede que fue cedida en comodato a la Uni\u00f3n Industrial de Olavarr\u00eda.<\/p>\n<p>&nbsp;<\/p>\n<p><img data-recalc-dims=\"1\" loading=\"lazy\" decoding=\"async\" class=\"aligncenter wp-image-100139 size-large\" src=\"https:\/\/i0.wp.com\/cdnoticias.com\/wp-content\/uploads\/2023\/10\/03-Firma-comodato-Coopelectric-UIO.jpeg?resize=800%2C600&#038;ssl=1\" alt=\"\" width=\"800\" height=\"600\" srcset=\"https:\/\/i0.wp.com\/cdnoticias.com\/wp-content\/uploads\/2023\/10\/03-Firma-comodato-Coopelectric-UIO.jpeg?resize=1024%2C768&amp;ssl=1 1024w, https:\/\/i0.wp.com\/cdnoticias.com\/wp-content\/uploads\/2023\/10\/03-Firma-comodato-Coopelectric-UIO.jpeg?resize=300%2C225&amp;ssl=1 300w, https:\/\/i0.wp.com\/cdnoticias.com\/wp-content\/uploads\/2023\/10\/03-Firma-comodato-Coopelectric-UIO.jpeg?resize=768%2C576&amp;ssl=1 768w, https:\/\/i0.wp.com\/cdnoticias.com\/wp-content\/uploads\/2023\/10\/03-Firma-comodato-Coopelectric-UIO.jpeg?resize=1536%2C1152&amp;ssl=1 1536w, https:\/\/i0.wp.com\/cdnoticias.com\/wp-content\/uploads\/2023\/10\/03-Firma-comodato-Coopelectric-UIO.jpeg?w=1600&amp;ssl=1 1600w\" sizes=\"auto, (max-width: 800px) 100vw, 800px\" \/><\/p>\n<p>&nbsp;<\/p>\n<p>En tal sentido, el presidente del Consejo de Administraci\u00f3n de Coopelectric <strong>Cruz Arouxet<\/strong> sostuvo: &#8220;La Uni\u00f3n Industrial de Olavarr\u00eda forma parte del Cuerpo de Delegados de la Cooperativa, por eso es un placer poder colaborar con esta instituci\u00f3n y por su intermedio con empresas que eligen radicarse aqu\u00ed, promoviendo el valor del trabajo y el beneficio para la comunidad\u201d.\u00a0 A continuaci\u00f3n, el secretario Alberto Miotti agreg\u00f3 \u201c<em>es fundamental la cooperaci\u00f3n entre las entidades intermedias, esto es una muestra m\u00e1s del trabajo colectivo y el ejercicio del cooperativismo\u201d.<\/em><\/p>\n<p>&nbsp;<\/p>\n<p>Los integrantes dialogaron acerca del escenario y mercado actual. En esa l\u00ednea, el presidente de la UIO <strong>C\u00e9sar Longo<\/strong> remarc\u00f3 que \u201cel Estado debe facilitar las inversiones, limitar la burocracia y desde las entidades intermedias podemos facilitar y gestionar para que este tipo de proyectos se concreten\u201d. Al mismo tiempo, mencion\u00f3 la importancia de trabajar de manera coordinada y agradeci\u00f3 la predisposici\u00f3n del trabajo articulado, brindando las posibilidades para que una empresa se radique en la ciudad.<\/p>\n<p>&nbsp;<\/p>\n<p>Por \u00faltimo, el gerente de la empresa Alta Textil, Nayi Awada se refiri\u00f3 al trabajo que vienen desarrollando y a los proyectos futuros: \u201cEn el espacio brindado por Coopelectric, <strong>se capacitar\u00e1 a 70 operarios<\/strong>. Luego, en diciembre o enero est\u00e1 prevista la apertura de nuestro propio taller donde esperamos llegar a los <strong>100 puestos de trabajo<\/strong>. La idea consiste en fomentar el proyecto de un polo textil que crezca generando m\u00e1s desarrollo local, creando una l\u00ednea de apoyo en pos de las necesidades de los empresarios\u201d.<\/p>\n<p>&nbsp;<\/p>\n","protected":false},"excerpt":{"rendered":"<p>La decisi\u00f3n fue tomada luego de que Coopelectric y la Uni\u00f3n Industrial firmaran un acuerdo de comodato.<\/p>\n","protected":false},"author":1,"featured_media":100140,"comment_status":"closed","ping_status":"closed","sticky":false,"template":"","format":"standard","meta":{"_jetpack_memberships_contains_paid_content":false,"footnotes":""},"categories":[5,1],"tags":[],"class_list":["post-100138","post","type-post","status-publish","format-standard","has-post-thumbnail","hentry","category-informacion-general","category-portada"],"jetpack_featured_media_url":"https:\/\/i0.wp.com\/cdnoticias.com\/wp-content\/uploads\/2023\/10\/01-Firma-comodato-Coopelectric-UIO.jpeg?fit=1600%2C1200&ssl=1","jetpack_sharing_enabled":true,"_links":{"self":[{"href":"https:\/\/cdnoticias.com\/index.php\/wp-json\/wp\/v2\/posts\/100138","targetHints":{"allow":["GET"]}}],"collection":[{"href":"https:\/\/cdnoticias.com\/index.php\/wp-json\/wp\/v2\/posts"}],"about":[{"href":"https:\/\/cdnoticias.com\/index.php\/wp-json\/wp\/v2\/types\/post"}],"author":[{"embeddable":true,"href":"https:\/\/cdnoticias.com\/index.php\/wp-json\/wp\/v2\/users\/1"}],"replies":[{"embeddable":true,"href":"https:\/\/cdnoticias.com\/index.php\/wp-json\/wp\/v2\/comments?post=100138"}],"version-history":[{"count":0,"href":"https:\/\/cdnoticias.com\/index.php\/wp-json\/wp\/v2\/posts\/100138\/revisions"}],"wp:featuredmedia":[{"embeddable":true,"href":"https:\/\/cdnoticias.com\/index.php\/wp-json\/wp\/v2\/media\/100140"}],"wp:attachment":[{"href":"https:\/\/cdnoticias.com\/index.php\/wp-json\/wp\/v2\/media?parent=100138"}],"wp:term":[{"taxonomy":"category","embeddable":true,"href":"https:\/\/cdnoticias.com\/index.php\/wp-json\/wp\/v2\/categories?post=100138"},{"taxonomy":"post_tag","embeddable":true,"href":"https:\/\/cdnoticias.com\/index.php\/wp-json\/wp\/v2\/tags?post=100138"}],"curies":[{"name":"wp","href":"https:\/\/api.w.org\/{rel}","templated":true}]}}