{"id":100133,"date":"2023-10-24T17:40:03","date_gmt":"2023-10-24T20:40:03","guid":{"rendered":"https:\/\/www.centraldenoticias.com.ar\/?p=100133"},"modified":"2023-10-24T20:05:34","modified_gmt":"2023-10-24T23:05:34","slug":"accidente-en-ruta-3-hubo-otro-camion-implicado-que-fue-detenido","status":"publish","type":"post","link":"https:\/\/cdnoticias.com\/index.php\/2023\/10\/24\/accidente-en-ruta-3-hubo-otro-camion-implicado-que-fue-detenido\/","title":{"rendered":"Accidente en ruta 3: hubo otro cami\u00f3n implicado que fue detenido"},"content":{"rendered":"<p>En el siniestro vial particip\u00f3 un cami\u00f3n de una empresa de Olavarr\u00eda conducido por un azule\u00f1o, que result\u00f3 herido tras volcar.<!--more--><\/p>\n<hr \/>\n<p>Tras el<a href=\"https:\/\/cdnoticias.com\/index.php\/2023\/10\/24\/ruta-3-un-camion-de-olavarria-volco-y-su-conductor-resulto-herido\/\" target=\"_blank\" rel=\"noopener\"> violento accidente con vuelco de un cami\u00f3n de una empresa de Olavarr\u00eda con su conductor herido<\/a>,<strong> se conocieron detalles de lo sucedido: el siniestro vial se produjo con la participaci\u00f3n de otro camionero que huy\u00f3 y fue detenido en Las Flores, finalmente.<\/strong><\/p>\n<p>&nbsp;<\/p>\n<p>Seg\u00fan se inform\u00f3 de forma oficial<strong>, el cami\u00f3n realiz\u00f3 una maniobra evasiva a otro cami\u00f3n que, por la mano contraria, llev\u00f3 adelante una peligrosa maniobra. Esto fue en el kil\u00f3metro 272 de la ruta nacional 3.<\/strong><\/p>\n<p>&nbsp;<\/p>\n<p><strong>Por esquivar, el cami\u00f3n \u2013de una empresa de Olavarr\u00eda y conducido por el azule\u00f1o Joaqu\u00edn Carballo de 38 a\u00f1os- volc\u00f3 y qued\u00f3 a la vera del camino.<\/strong> Justamente, Carballo fue trasladado por personal de salud a Azul para ser atendido.<\/p>\n<p>&nbsp;<\/p>\n<p><img data-recalc-dims=\"1\" loading=\"lazy\" decoding=\"async\" class=\"alignnone size-large wp-image-100134\" src=\"https:\/\/i0.wp.com\/cdnoticias.com\/wp-content\/uploads\/2023\/10\/395736692_834735951989761_215193850539748228_n.jpg?resize=576%2C1024&#038;ssl=1\" alt=\"\" width=\"576\" height=\"1024\" srcset=\"https:\/\/i0.wp.com\/cdnoticias.com\/wp-content\/uploads\/2023\/10\/395736692_834735951989761_215193850539748228_n.jpg?resize=576%2C1024&amp;ssl=1 576w, https:\/\/i0.wp.com\/cdnoticias.com\/wp-content\/uploads\/2023\/10\/395736692_834735951989761_215193850539748228_n.jpg?resize=169%2C300&amp;ssl=1 169w, https:\/\/i0.wp.com\/cdnoticias.com\/wp-content\/uploads\/2023\/10\/395736692_834735951989761_215193850539748228_n.jpg?w=720&amp;ssl=1 720w\" sizes=\"auto, (max-width: 576px) 100vw, 576px\" \/><\/p>\n<p>&nbsp;<\/p>\n<blockquote><p>El camionero que roz\u00f3 a la v\u00edctima del siniestro vial no detuvo su marcha y continu\u00f3 camino. Fue detenido por personal policial en la localidad de Las Flores.<\/p><\/blockquote>\n<p>&nbsp;<\/p>\n<p>Trabajaron en el lugar del hecho, agentes de peajes \u201cCorredores viales\u201d, personal de ambulancia SAME y efectivos de Vial Azul.<\/p>\n<p>&nbsp;<\/p>\n<p>Se instruy\u00f3 causa por \u201cLesiones culposas\u201d con intervenci\u00f3n de la UFI 6 del departamento judicial de Azul.<\/p>\n<p>&nbsp;<\/p>\n<p><em>Fotos e informaci\u00f3n: Gentileza Noticias de Azul<\/em><\/p>\n","protected":false},"excerpt":{"rendered":"<p>En el siniestro vial particip\u00f3 un cami\u00f3n de una empresa de Olavarr\u00eda conducido por un azule\u00f1o, que result\u00f3 herido tras<\/p>\n","protected":false},"author":1,"featured_media":100135,"comment_status":"closed","ping_status":"closed","sticky":false,"template":"","format":"standard","meta":{"_jetpack_memberships_contains_paid_content":false,"footnotes":""},"categories":[14,1],"tags":[],"class_list":["post-100133","post","type-post","status-publish","format-standard","has-post-thumbnail","hentry","category-policiales","category-portada"],"jetpack_featured_media_url":"https:\/\/i0.wp.com\/cdnoticias.com\/wp-content\/uploads\/2023\/10\/395764515_834642261999130_6549786012398557488_n.jpg?fit=1440%2C1084&ssl=1","jetpack_sharing_enabled":true,"_links":{"self":[{"href":"https:\/\/cdnoticias.com\/index.php\/wp-json\/wp\/v2\/posts\/100133","targetHints":{"allow":["GET"]}}],"collection":[{"href":"https:\/\/cdnoticias.com\/index.php\/wp-json\/wp\/v2\/posts"}],"about":[{"href":"https:\/\/cdnoticias.com\/index.php\/wp-json\/wp\/v2\/types\/post"}],"author":[{"embeddable":true,"href":"https:\/\/cdnoticias.com\/index.php\/wp-json\/wp\/v2\/users\/1"}],"replies":[{"embeddable":true,"href":"https:\/\/cdnoticias.com\/index.php\/wp-json\/wp\/v2\/comments?post=100133"}],"version-history":[{"count":0,"href":"https:\/\/cdnoticias.com\/index.php\/wp-json\/wp\/v2\/posts\/100133\/revisions"}],"wp:featuredmedia":[{"embeddable":true,"href":"https:\/\/cdnoticias.com\/index.php\/wp-json\/wp\/v2\/media\/100135"}],"wp:attachment":[{"href":"https:\/\/cdnoticias.com\/index.php\/wp-json\/wp\/v2\/media?parent=100133"}],"wp:term":[{"taxonomy":"category","embeddable":true,"href":"https:\/\/cdnoticias.com\/index.php\/wp-json\/wp\/v2\/categories?post=100133"},{"taxonomy":"post_tag","embeddable":true,"href":"https:\/\/cdnoticias.com\/index.php\/wp-json\/wp\/v2\/tags?post=100133"}],"curies":[{"name":"wp","href":"https:\/\/api.w.org\/{rel}","templated":true}]}}