{"id":100114,"date":"2023-10-24T14:31:43","date_gmt":"2023-10-24T17:31:43","guid":{"rendered":"https:\/\/www.centraldenoticias.com.ar\/?p=100114"},"modified":"2023-10-24T19:47:53","modified_gmt":"2023-10-24T22:47:53","slug":"elecciones-2023-en-olavarria-favorecidos-y-perjudicados-con-la-tijera","status":"publish","type":"post","link":"https:\/\/cdnoticias.com\/index.php\/2023\/10\/24\/elecciones-2023-en-olavarria-favorecidos-y-perjudicados-con-la-tijera\/","title":{"rendered":"Elecciones 2023 en Olavarr\u00eda: favorecidos y perjudicados con la tijera"},"content":{"rendered":"<p>Si bien se mantuvo el corte, no fue igual que en la PASO. Wesner, el elegido en lo local. La sorpresa en Juntos por el Cambio.<\/p>\n<p><!--more--><\/p>\n<hr \/>\n<p><strong>El corte de boleta fue un gran protagonista de estas elecciones<\/strong>, aunque en las PASO su impronta fue m\u00e1s notoria que en la general en Olavarr\u00eda.<\/p>\n<p>&nbsp;<\/p>\n<p>El domingo pasado, <strong>se evidenciaron los dos tipos de corte m\u00e1s tradicionales<\/strong>: del primer y del \u00faltimo cuerpo de la boleta. Tambi\u00e9n <strong>hubo lugar para una sorpresa<\/strong> con un cuerpo \u201cdel medio\u201d que fue m\u00e1s elegido.<\/p>\n<p>&nbsp;<\/p>\n<blockquote><p>Y en esa lectura, se observaron ganadores y perdedores. Las tijeras en Olavarr\u00eda favorecieron a Maximiliano Wesner, a Javier Milei, a N\u00e9stor Grindetti y a Myriam Bregman.<\/p><\/blockquote>\n<p>&nbsp;<\/p>\n<p><img data-recalc-dims=\"1\" loading=\"lazy\" decoding=\"async\" class=\"size-full wp-image-100116 aligncenter\" src=\"https:\/\/i0.wp.com\/cdnoticias.com\/wp-content\/uploads\/2023\/10\/elecciones-2023-mesa-boleta-01.jpg?resize=800%2C445&#038;ssl=1\" alt=\"\" width=\"800\" height=\"445\" srcset=\"https:\/\/i0.wp.com\/cdnoticias.com\/wp-content\/uploads\/2023\/10\/elecciones-2023-mesa-boleta-01.jpg?w=1000&amp;ssl=1 1000w, https:\/\/i0.wp.com\/cdnoticias.com\/wp-content\/uploads\/2023\/10\/elecciones-2023-mesa-boleta-01.jpg?resize=300%2C167&amp;ssl=1 300w, https:\/\/i0.wp.com\/cdnoticias.com\/wp-content\/uploads\/2023\/10\/elecciones-2023-mesa-boleta-01.jpg?resize=768%2C427&amp;ssl=1 768w, https:\/\/i0.wp.com\/cdnoticias.com\/wp-content\/uploads\/2023\/10\/elecciones-2023-mesa-boleta-01.jpg?resize=800%2C445&amp;ssl=1 800w\" sizes=\"auto, (max-width: 800px) 100vw, 800px\" \/><\/p>\n<p>&nbsp;<\/p>\n<p>M\u00e1s all\u00e1 de esto, hay que destacar que en los resultados,<strong> las fuerzas se ubicaron en el mismo orden en las definiciones de presidencia, gobernaci\u00f3n e intendencia<\/strong>: <strong>Uni\u00f3n por la Patria<\/strong> se impuso en todas las categor\u00edas en Olavarr\u00eda.<\/p>\n<p>&nbsp;<\/p>\n<p>Por eso se se\u00f1ala que<strong> la incidencia del corte fue menor este domingo que lo que sucedi\u00f3 el 13 de agosto<\/strong>, <a href=\"https:\/\/cdnoticias.com\/index.php\/2023\/08\/14\/olavarria-tendra-cuatro-candidatos-a-intendente-en-octubre\/\" target=\"_blank\" rel=\"noopener\">cuando distintas fuerzas y l\u00edneas internas obtuvieron victorias<\/a> en las categor\u00edas de elecci\u00f3n ejecutiva. En aquella ocasi\u00f3n, gan\u00f3 Uni\u00f3n por la Patria en lo local, Juntos por el Cambio en la l\u00ednea larretista en lo provincial y tambi\u00e9n Juntos por el Cambio pero en la l\u00ednea bullrichista en la boleta presidencial.<\/p>\n<p>&nbsp;<\/p>\n<h2>El corte local<\/h2>\n<p>&nbsp;<\/p>\n<blockquote><p>A la hora de analizar el corte, en Uni\u00f3n por la Patria el favorecido por Maximiliano Wesner, quien tambi\u00e9n repiti\u00f3 lo que hab\u00eda pasado en agosto: fue el m\u00e1s votado con 28.608 votos para obtener 41,42%.<\/p><\/blockquote>\n<p>&nbsp;<\/p>\n<p><img data-recalc-dims=\"1\" loading=\"lazy\" decoding=\"async\" class=\"aligncenter wp-image-100109\" src=\"https:\/\/i0.wp.com\/cdnoticias.com\/wp-content\/uploads\/2023\/10\/resultados-olavarria-intendente-00.jpg?resize=800%2C412&#038;ssl=1\" alt=\"\" width=\"800\" height=\"412\" srcset=\"https:\/\/i0.wp.com\/cdnoticias.com\/wp-content\/uploads\/2023\/10\/resultados-olavarria-intendente-00.jpg?resize=1024%2C527&amp;ssl=1 1024w, https:\/\/i0.wp.com\/cdnoticias.com\/wp-content\/uploads\/2023\/10\/resultados-olavarria-intendente-00.jpg?resize=300%2C154&amp;ssl=1 300w, https:\/\/i0.wp.com\/cdnoticias.com\/wp-content\/uploads\/2023\/10\/resultados-olavarria-intendente-00.jpg?resize=768%2C395&amp;ssl=1 768w, https:\/\/i0.wp.com\/cdnoticias.com\/wp-content\/uploads\/2023\/10\/resultados-olavarria-intendente-00.jpg?resize=1536%2C791&amp;ssl=1 1536w, https:\/\/i0.wp.com\/cdnoticias.com\/wp-content\/uploads\/2023\/10\/resultados-olavarria-intendente-00.jpg?w=1634&amp;ssl=1 1634w\" sizes=\"auto, (max-width: 800px) 100vw, 800px\" \/><\/p>\n<p>&nbsp;<\/p>\n<p>La f\u00f3rmula <strong>Kicillof-Magario tuvo 3.805 votos menos<\/strong>, aunque igualmente le alcanz\u00f3 para posicionarse primeros en Olavarr\u00eda con 36,81%.<\/p>\n<p>&nbsp;<\/p>\n<p>En tanto, en la categor\u00eda presidencial, <strong>Massa-Rossi obtuvieron 4.474 votos menos que Wesner<\/strong>. La f\u00f3rmula de Uni\u00f3n por la Patria se consagr\u00f3 ganadora en Olavarr\u00eda con 32,84%.<\/p>\n<p>&nbsp;<\/p>\n<h2>El corte en JxC<\/h2>\n<p>&nbsp;<\/p>\n<p>El corte en Juntos por el Cambio tuvo menor incidencia y una curiosidad. <strong>Los candidatos a la gobernaci\u00f3n fueron m\u00e1s elegidos que Bullrich y Galli.<\/strong><\/p>\n<p>&nbsp;<\/p>\n<blockquote><p>Es que la boleta de Grindetti-Fern\u00e1ndez fue la m\u00e1s votada en Olavarr\u00eda con 19.670 adhesiones para llegar a 29,19% y posicionarse en tercer lugar.<\/p><\/blockquote>\n<p>&nbsp;<\/p>\n<p><img data-recalc-dims=\"1\" loading=\"lazy\" decoding=\"async\" class=\"aligncenter wp-image-100112\" src=\"https:\/\/i0.wp.com\/cdnoticias.com\/wp-content\/uploads\/2023\/10\/resultados-olavarria-gobernador-00.jpg?resize=800%2C457&#038;ssl=1\" alt=\"\" width=\"800\" height=\"457\" srcset=\"https:\/\/i0.wp.com\/cdnoticias.com\/wp-content\/uploads\/2023\/10\/resultados-olavarria-gobernador-00.jpg?resize=1024%2C585&amp;ssl=1 1024w, https:\/\/i0.wp.com\/cdnoticias.com\/wp-content\/uploads\/2023\/10\/resultados-olavarria-gobernador-00.jpg?resize=300%2C171&amp;ssl=1 300w, https:\/\/i0.wp.com\/cdnoticias.com\/wp-content\/uploads\/2023\/10\/resultados-olavarria-gobernador-00.jpg?resize=768%2C438&amp;ssl=1 768w, https:\/\/i0.wp.com\/cdnoticias.com\/wp-content\/uploads\/2023\/10\/resultados-olavarria-gobernador-00.jpg?resize=1536%2C877&amp;ssl=1 1536w, https:\/\/i0.wp.com\/cdnoticias.com\/wp-content\/uploads\/2023\/10\/resultados-olavarria-gobernador-00.jpg?w=1615&amp;ssl=1 1615w\" sizes=\"auto, (max-width: 800px) 100vw, 800px\" \/><\/p>\n<p>&nbsp;<\/p>\n<p><strong>Ezequiel Galli tuvo 291 votos menos<\/strong>: sum\u00f3 19.379 sufragios para alcanzar 28,06%.<\/p>\n<p>&nbsp;<\/p>\n<p><strong>Bullrich-Petri obtuvieron 476 votos menos que el actual intendente<\/strong>. Quedaron tambi\u00e9n terceros con 25,72%.<\/p>\n<p>&nbsp;<\/p>\n<h2>El corte nacional<\/h2>\n<p>&nbsp;<\/p>\n<p><strong>En La Libertad Avanza y en el Frente de Izquierda, el corte de boleta oper\u00f3 de la misma forma<\/strong>: de arriba hacia abajo. Todo lo contrario de Uni\u00f3n por la Patria.<\/p>\n<p>&nbsp;<\/p>\n<p><img data-recalc-dims=\"1\" loading=\"lazy\" decoding=\"async\" class=\"aligncenter wp-image-100111\" src=\"https:\/\/i0.wp.com\/cdnoticias.com\/wp-content\/uploads\/2023\/10\/resultados-olavarria-presidencial-00.jpg?resize=800%2C487&#038;ssl=1\" alt=\"\" width=\"800\" height=\"487\" srcset=\"https:\/\/i0.wp.com\/cdnoticias.com\/wp-content\/uploads\/2023\/10\/resultados-olavarria-presidencial-00.jpg?resize=1024%2C623&amp;ssl=1 1024w, https:\/\/i0.wp.com\/cdnoticias.com\/wp-content\/uploads\/2023\/10\/resultados-olavarria-presidencial-00.jpg?resize=300%2C183&amp;ssl=1 300w, https:\/\/i0.wp.com\/cdnoticias.com\/wp-content\/uploads\/2023\/10\/resultados-olavarria-presidencial-00.jpg?resize=768%2C467&amp;ssl=1 768w, https:\/\/i0.wp.com\/cdnoticias.com\/wp-content\/uploads\/2023\/10\/resultados-olavarria-presidencial-00.jpg?w=1497&amp;ssl=1 1497w\" sizes=\"auto, (max-width: 800px) 100vw, 800px\" \/><\/p>\n<p>&nbsp;<\/p>\n<p><strong>Milei-Villarruel<\/strong> fue la categor\u00eda m\u00e1s votada en el sector libertario: <strong>lograron 3.871 votos m\u00e1s que la candidata local, Celeste Arouxet<\/strong> y 2.424 votos m\u00e1s que los candidatos a la gobernaci\u00f3n del sector libertario.<\/p>\n<p>&nbsp;<\/p>\n<p>En el <strong>Frente de Izquierda<\/strong> se dio el mismo escenario. <strong>Los candidatos presidenciales Bregman-Del Ca\u00f1o fueron los m\u00e1s votados<\/strong> con 2.284 sufragios para llegar a 3,1%. La boleta local tuvo 662 votos menos y la boleta provincial, 272 sufragios menos que la nacional.<\/p>\n<p>&nbsp;<\/p>\n<p><img data-recalc-dims=\"1\" loading=\"lazy\" decoding=\"async\" class=\"size-full wp-image-100119 aligncenter\" src=\"https:\/\/i0.wp.com\/cdnoticias.com\/wp-content\/uploads\/2023\/10\/elecciones-2023-mesa-boleta-04.jpg?resize=800%2C445&#038;ssl=1\" alt=\"\" width=\"800\" height=\"445\" srcset=\"https:\/\/i0.wp.com\/cdnoticias.com\/wp-content\/uploads\/2023\/10\/elecciones-2023-mesa-boleta-04.jpg?w=1000&amp;ssl=1 1000w, https:\/\/i0.wp.com\/cdnoticias.com\/wp-content\/uploads\/2023\/10\/elecciones-2023-mesa-boleta-04.jpg?resize=300%2C167&amp;ssl=1 300w, https:\/\/i0.wp.com\/cdnoticias.com\/wp-content\/uploads\/2023\/10\/elecciones-2023-mesa-boleta-04.jpg?resize=768%2C427&amp;ssl=1 768w, https:\/\/i0.wp.com\/cdnoticias.com\/wp-content\/uploads\/2023\/10\/elecciones-2023-mesa-boleta-04.jpg?resize=800%2C445&amp;ssl=1 800w\" sizes=\"auto, (max-width: 800px) 100vw, 800px\" \/><\/p>\n<p>&nbsp;<\/p>\n<h2>La gran duda<\/h2>\n<p>&nbsp;<\/p>\n<p>En este escenario, la pregunta que queda es <strong>c\u00f3mo se combinaron los cortes<\/strong>. <em>\u00bfA qu\u00e9 candidato presidencial votaron los casi 4.500 eligieron a Wesner pero no a Massa? \u00bfA qu\u00e9 candidato local eligieron los 3.800 electores que pusieron en el sobre a Milei-Villarruel sin Arouxet?<\/em><\/p>\n<p>&nbsp;<\/p>\n<p>Varios fiscales informaron que <strong>las boletas de Milei y de Wesner en un mismo sobre fue algo repetido<\/strong>. Ya se hab\u00eda dado en la PASO y se reiter\u00f3 en la general.<\/p>\n<p>&nbsp;<\/p>\n<p>Sin embargo, hay otro elemento m\u00e1s para tener en cuenta:<strong> la f\u00f3rmula Schiaretti-Randazo convoc\u00f3 a 4.834 olavarrienses para quedarse con el cuarto lugar y llegar a 6.57%<\/strong>. Una boleta corta que, con ese n\u00famero, mostr\u00f3 haber resultado atractiva para numerosos ciudadanos. \u00bfCon qu\u00e9 boleta local la combinaron los electores?<\/p>\n<p>&nbsp;<\/p>\n<p><img data-recalc-dims=\"1\" loading=\"lazy\" decoding=\"async\" class=\"size-full wp-image-100118 aligncenter\" src=\"https:\/\/i0.wp.com\/cdnoticias.com\/wp-content\/uploads\/2023\/10\/elecciones-2023-mesa-boleta-03.jpg?resize=800%2C445&#038;ssl=1\" alt=\"\" width=\"800\" height=\"445\" srcset=\"https:\/\/i0.wp.com\/cdnoticias.com\/wp-content\/uploads\/2023\/10\/elecciones-2023-mesa-boleta-03.jpg?w=1000&amp;ssl=1 1000w, https:\/\/i0.wp.com\/cdnoticias.com\/wp-content\/uploads\/2023\/10\/elecciones-2023-mesa-boleta-03.jpg?resize=300%2C167&amp;ssl=1 300w, https:\/\/i0.wp.com\/cdnoticias.com\/wp-content\/uploads\/2023\/10\/elecciones-2023-mesa-boleta-03.jpg?resize=768%2C427&amp;ssl=1 768w, https:\/\/i0.wp.com\/cdnoticias.com\/wp-content\/uploads\/2023\/10\/elecciones-2023-mesa-boleta-03.jpg?resize=800%2C445&amp;ssl=1 800w\" sizes=\"auto, (max-width: 800px) 100vw, 800px\" \/><\/p>\n","protected":false},"excerpt":{"rendered":"<p>Si bien se mantuvo el corte, no fue igual que en la PASO. Wesner, el elegido en lo local. La<\/p>\n","protected":false},"author":1,"featured_media":100117,"comment_status":"closed","ping_status":"closed","sticky":false,"template":"","format":"standard","meta":{"_jetpack_memberships_contains_paid_content":false,"footnotes":""},"categories":[4,1],"tags":[],"class_list":["post-100114","post","type-post","status-publish","format-standard","has-post-thumbnail","hentry","category-politica","category-portada"],"jetpack_featured_media_url":"https:\/\/i0.wp.com\/cdnoticias.com\/wp-content\/uploads\/2023\/10\/elecciones-2023-mesa-boleta-02.jpg?fit=1000%2C556&ssl=1","jetpack_sharing_enabled":true,"_links":{"self":[{"href":"https:\/\/cdnoticias.com\/index.php\/wp-json\/wp\/v2\/posts\/100114","targetHints":{"allow":["GET"]}}],"collection":[{"href":"https:\/\/cdnoticias.com\/index.php\/wp-json\/wp\/v2\/posts"}],"about":[{"href":"https:\/\/cdnoticias.com\/index.php\/wp-json\/wp\/v2\/types\/post"}],"author":[{"embeddable":true,"href":"https:\/\/cdnoticias.com\/index.php\/wp-json\/wp\/v2\/users\/1"}],"replies":[{"embeddable":true,"href":"https:\/\/cdnoticias.com\/index.php\/wp-json\/wp\/v2\/comments?post=100114"}],"version-history":[{"count":0,"href":"https:\/\/cdnoticias.com\/index.php\/wp-json\/wp\/v2\/posts\/100114\/revisions"}],"wp:featuredmedia":[{"embeddable":true,"href":"https:\/\/cdnoticias.com\/index.php\/wp-json\/wp\/v2\/media\/100117"}],"wp:attachment":[{"href":"https:\/\/cdnoticias.com\/index.php\/wp-json\/wp\/v2\/media?parent=100114"}],"wp:term":[{"taxonomy":"category","embeddable":true,"href":"https:\/\/cdnoticias.com\/index.php\/wp-json\/wp\/v2\/categories?post=100114"},{"taxonomy":"post_tag","embeddable":true,"href":"https:\/\/cdnoticias.com\/index.php\/wp-json\/wp\/v2\/tags?post=100114"}],"curies":[{"name":"wp","href":"https:\/\/api.w.org\/{rel}","templated":true}]}}