{"id":100101,"date":"2023-10-24T12:35:03","date_gmt":"2023-10-24T15:35:03","guid":{"rendered":"https:\/\/www.centraldenoticias.com.ar\/?p=100101"},"modified":"2023-10-24T17:44:17","modified_gmt":"2023-10-24T20:44:17","slug":"ruta-3-un-camion-de-olavarria-volco-y-su-conductor-resulto-herido","status":"publish","type":"post","link":"https:\/\/cdnoticias.com\/index.php\/2023\/10\/24\/ruta-3-un-camion-de-olavarria-volco-y-su-conductor-resulto-herido\/","title":{"rendered":"Ruta 3: un cami\u00f3n de Olavarr\u00eda volc\u00f3 y su conductor result\u00f3 herido"},"content":{"rendered":"<p>Se investiga si hubo otro veh\u00edculo involucrado en el siniestro.<!--more--><\/p>\n<hr \/>\n<p>Durante la ma\u00f1ana de este martes un cami\u00f3n de la empresa KOA <strong>despist\u00f3 y volc\u00f3 en el kil\u00f3metro 272 de la ruta nacional N\u00b0 3.<\/strong><\/p>\n<p>&nbsp;<\/p>\n<p>Seg\u00fan inform\u00f3 <em>Noticias de Azul<\/em>, el conductor del veh\u00edculo fue <strong>trasladado al Hospital Municipal de Azul<\/strong> para recibir asistencia m\u00e9dica.<\/p>\n<p>&nbsp;<\/p>\n<p>Adem\u00e1s, <strong>se investiga si hubo otro veh\u00edculo involucrado en el siniestro.<\/strong><\/p>\n<p>&nbsp;<\/p>\n<p>Trabajan en el lugar agentes de peajes \u201cCorredores viales\u201d, personal de ambulancia SAME y efectivos de Vial Azul.<\/p>\n<p>&nbsp;<\/p>\n<p><em>Fuente: Noticias de Azul.<\/em><\/p>\n","protected":false},"excerpt":{"rendered":"<p>Se investiga si hubo otro veh\u00edculo involucrado en el siniestro.<\/p>\n","protected":false},"author":1,"featured_media":100102,"comment_status":"closed","ping_status":"closed","sticky":false,"template":"","format":"standard","meta":{"_jetpack_memberships_contains_paid_content":false,"footnotes":""},"categories":[14,1],"tags":[],"class_list":["post-100101","post","type-post","status-publish","format-standard","has-post-thumbnail","hentry","category-policiales","category-portada"],"jetpack_featured_media_url":"https:\/\/i0.wp.com\/cdnoticias.com\/wp-content\/uploads\/2023\/10\/camion-vuelco.jpg?fit=800%2C446&ssl=1","jetpack_sharing_enabled":true,"_links":{"self":[{"href":"https:\/\/cdnoticias.com\/index.php\/wp-json\/wp\/v2\/posts\/100101","targetHints":{"allow":["GET"]}}],"collection":[{"href":"https:\/\/cdnoticias.com\/index.php\/wp-json\/wp\/v2\/posts"}],"about":[{"href":"https:\/\/cdnoticias.com\/index.php\/wp-json\/wp\/v2\/types\/post"}],"author":[{"embeddable":true,"href":"https:\/\/cdnoticias.com\/index.php\/wp-json\/wp\/v2\/users\/1"}],"replies":[{"embeddable":true,"href":"https:\/\/cdnoticias.com\/index.php\/wp-json\/wp\/v2\/comments?post=100101"}],"version-history":[{"count":0,"href":"https:\/\/cdnoticias.com\/index.php\/wp-json\/wp\/v2\/posts\/100101\/revisions"}],"wp:featuredmedia":[{"embeddable":true,"href":"https:\/\/cdnoticias.com\/index.php\/wp-json\/wp\/v2\/media\/100102"}],"wp:attachment":[{"href":"https:\/\/cdnoticias.com\/index.php\/wp-json\/wp\/v2\/media?parent=100101"}],"wp:term":[{"taxonomy":"category","embeddable":true,"href":"https:\/\/cdnoticias.com\/index.php\/wp-json\/wp\/v2\/categories?post=100101"},{"taxonomy":"post_tag","embeddable":true,"href":"https:\/\/cdnoticias.com\/index.php\/wp-json\/wp\/v2\/tags?post=100101"}],"curies":[{"name":"wp","href":"https:\/\/api.w.org\/{rel}","templated":true}]}}