{"id":100093,"date":"2023-10-24T10:54:31","date_gmt":"2023-10-24T13:54:31","guid":{"rendered":"https:\/\/www.centraldenoticias.com.ar\/?p=100093"},"modified":"2023-10-24T14:42:25","modified_gmt":"2023-10-24T17:42:25","slug":"eseverri-maxi-conoce-la-ciudad-y-eso-no-es-poco","status":"publish","type":"post","link":"https:\/\/cdnoticias.com\/index.php\/2023\/10\/24\/eseverri-maxi-conoce-la-ciudad-y-eso-no-es-poco\/","title":{"rendered":"Eseverri: \u201cMaxi conoce la ciudad y eso no es poco\u201d"},"content":{"rendered":"<p>El ex intendente analiz\u00f3 los resultados de las Generales. Destac\u00f3 la figura de Massa y habl\u00f3 del intendente electo y sus desaf\u00edos: \u201cOlavarr\u00eda vot\u00f3 por un nuevo rumbo para la gesti\u00f3n, pero necesita orden en sus cuentas\u201d.<!--more--><\/p>\n<hr \/>\n<p>El ex intendente Jos\u00e9 Eseverri habl\u00f3 con el programa <em>Levantate (FM Sapiens)<\/em> y analiz\u00f3 los resultados de las Elecciones Generales, la figura del candidato a presidente Sergio Massa y el cambio en la gesti\u00f3n local de la mano del intendente electo Maximiliano Wesner. Adem\u00e1s, se\u00f1al\u00f3 el impacto de estos resultados en Juntos por el Cambio.<\/p>\n<p>&nbsp;<\/p>\n<p>\u201cEn lo local y provincial <strong>hab\u00eda bastantes certezas e indicios sobre el triunfo de Kicillof y que el triunfo de Maxi<\/strong> pod\u00eda se contundente como termin\u00f3 siendo en Olavarr\u00eda\u201d, resalt\u00f3 Jos\u00e9 Eseverri en primera instancia.<\/p>\n<p>&nbsp;<\/p>\n<p>\u201cLo que dej\u00f3 algo de sorpresa fue el escenario nacional porque me parece que <strong>el triunfo de Sergio dej\u00f3 rasgos de contundencia, pero hay que seguir trabajando de cara al balotaje<\/strong>, eso sorprendi\u00f3 a muchos que ve\u00edan la opci\u00f3n de Milei creciendo e incluso creo que gener\u00f3 una gran desaz\u00f3n y una profunda crisis en Juntos por el Cambio\u201d, agreg\u00f3.<\/p>\n<p>&nbsp;<\/p>\n<p>Durante el transcurso de la entrevista <strong>destac\u00f3 las caracter\u00edsticas de Sergio Massa como figura pol\u00edtica.<\/strong> \u201cLa primera es haber podido superar lo que ha sido el gobierno de Alberto (Fern\u00e1ndez), no caben dudas que de ganar el presidente a partir del 10 de diciembre va a ser Massa,<strong> no va a haber ni doble, ni triple comando, ni mesa chica\u201d<\/strong>.<\/p>\n<p>&nbsp;<\/p>\n<p>\u201cLa segunda caracter\u00edstica de Sergio es que seguramente<strong> es el tipo m\u00e1s preparado en la Argentina para ser presidente<\/strong>, el que mejor y m\u00e1s conoce el Estado argentino. Y la tercera caracter\u00edstica creo que lo m\u00e1s importante, es que ha sido alguien que <strong>ha propuesto el consenso y la necesidad de un acuerdo nacional<\/strong>\u201d, complet\u00f3 el ex jefe comunal.<\/p>\n<p>&nbsp;<\/p>\n<p>Por otra parte, consider\u00f3 que la<strong> crisis dentro de Juntos por el Cambio<\/strong> en este escenario de balotaje deja a un <strong>votante radical<\/strong> \u201cque no se puede sentir c\u00f3modo votando a una opci\u00f3n como la de Milei, que ya le cost\u00f3 much\u00edsimo votar a una opci\u00f3n como la de Patricia Bullrich porque tampoco encarna los valores radicales y eso va a tener sus resultados seguramente en una sorpresa \u2013para muchos, para m\u00ed no- de <strong>radicales votando a Sergio Massa<\/strong>\u201d.<\/p>\n<p>&nbsp;<\/p>\n<p><img data-recalc-dims=\"1\" loading=\"lazy\" decoding=\"async\" class=\"aligncenter wp-image-99922 size-large\" src=\"https:\/\/i0.wp.com\/cdnoticias.com\/wp-content\/uploads\/2023\/10\/wesner-eleccion9-1024x570.jpg?resize=800%2C445&#038;ssl=1\" alt=\"\" width=\"800\" height=\"445\" srcset=\"https:\/\/i0.wp.com\/cdnoticias.com\/wp-content\/uploads\/2023\/10\/wesner-eleccion9.jpg?resize=1024%2C570&amp;ssl=1 1024w, https:\/\/i0.wp.com\/cdnoticias.com\/wp-content\/uploads\/2023\/10\/wesner-eleccion9.jpg?resize=300%2C167&amp;ssl=1 300w, https:\/\/i0.wp.com\/cdnoticias.com\/wp-content\/uploads\/2023\/10\/wesner-eleccion9.jpg?resize=768%2C427&amp;ssl=1 768w, https:\/\/i0.wp.com\/cdnoticias.com\/wp-content\/uploads\/2023\/10\/wesner-eleccion9.jpg?resize=1536%2C854&amp;ssl=1 1536w, https:\/\/i0.wp.com\/cdnoticias.com\/wp-content\/uploads\/2023\/10\/wesner-eleccion9.jpg?resize=800%2C445&amp;ssl=1 800w, https:\/\/i0.wp.com\/cdnoticias.com\/wp-content\/uploads\/2023\/10\/wesner-eleccion9.jpg?w=1600&amp;ssl=1 1600w\" sizes=\"auto, (max-width: 800px) 100vw, 800px\" \/><\/p>\n<p>&nbsp;<\/p>\n<h2>En Olavarr\u00eda \u201clos desaf\u00edos son enormes\u201d<\/h2>\n<p>&nbsp;<\/p>\n<p>Si bien prefiri\u00f3 \u201cno hablar mucho de lo local\u201d, consultado por la futura <strong>conformaci\u00f3n del Concejo Deliberante<\/strong>, indic\u00f3 que \u201cva a quedar dise\u00f1ado de manera tal que<strong> va a exigir mucho acuerdo y mucha inteligencia pol\u00edtica<\/strong> no solo en el intendente sino en todos los concejales\u201d.<\/p>\n<p>&nbsp;<\/p>\n<p>Consider\u00f3 que \u201cla situaci\u00f3n en la que est\u00e1 el municipio de Olavarr\u00eda es lo suficientemente delicada como qued\u00f3 expuesto en el debate entre los candidatos a intendentes y me parece que va a demandar inteligencia y much\u00edsima responsabilidad de parte de la pol\u00edtica de Olavarr\u00eda\u201d.<\/p>\n<p>&nbsp;<\/p>\n<blockquote><p>\u201cOlavarr\u00eda vot\u00f3 por un cambio, vot\u00f3 por un nuevo rumbo para la gesti\u00f3n, pero necesita orden en sus cuentas, orden en la estructura presupuestaria del municipio, recuperar su capacidad de inversi\u00f3n, ser una ciudad pujante, una ciudad que como dijo Maxi, vuelva a ser referencia por cosas buenas\u201d.<\/p><\/blockquote>\n<p>&nbsp;<\/p>\n<p>Eseverr<strong>i valor\u00f3 el recorrido realizado por Maximiliano Wesner<\/strong> en su carrera pol\u00edtica: \u201ctrabaj\u00f3 su candidatura en silencio durante dos a\u00f1os y pico, \u00e9l fue electo concejal desde una derrota y a partir de ah\u00ed comenz\u00f3 a trabajar su campa\u00f1a con mucho cuerpo a cuerpo, muchas visitas, mucha llegada personal a instituciones, a familias y eso es muy importante. <strong>Maxi conoce la ciudad y eso no es poco<\/strong>\u201d.<\/p>\n<p>&nbsp;<\/p>\n<p>Adem\u00e1s, sostuvo que \u201ces un muy buen tipo y esta ha sido una caracter\u00edstica destacada por los que lo conocen, lo han conocido y lo tratan\u201d y a\u00f1adi\u00f3: \u201cluego tendr\u00e1 el enorme desaf\u00edo del peronismo de hacerse cargo de gobernar la ciudad y tendr\u00e1n la posibilidad de dejar su impronta. <strong>Los desaf\u00edos son enormes<\/strong>\u201d.<\/p>\n<p>&nbsp;<\/p>\n<p>Por \u00faltimo, hizo referencia a la<strong> transici\u00f3n<\/strong> que se llevar\u00e1 adelante en el marco de una <a href=\"https:\/\/cdnoticias.com\/index.php\/2023\/10\/23\/el-hcd-tratara-en-sesion-especial-un-pedido-de-licencia-del-intendente-galli\/\" target=\"_blank\" rel=\"noopener\">solicitud de licencia<\/a> por parte del actual intendente. \u201cObviamente esto no lo facilita porque ten\u00e9s 45 d\u00edas para conocer la realidad, m\u00e1s all\u00e1 de lo que se pueda sospechar, pero bueno quedar\u00e1 el equipo del intendente a cargo de esa responsabilidad y concertar\u00e1n un mecanismo de transici\u00f3n<strong>, a eso se ha comprometido Ezequiel y me parece un buen gesto, as\u00ed que supongo que habr\u00e1 dejado a la gente a cargo para hacer ese trabajo<\/strong>\u201d.<\/p>\n","protected":false},"excerpt":{"rendered":"<p>El ex intendente analiz\u00f3 los resultados de las Generales. Destac\u00f3 la figura de Massa y habl\u00f3 del intendente electo y<\/p>\n","protected":false},"author":1,"featured_media":99969,"comment_status":"closed","ping_status":"closed","sticky":false,"template":"","format":"standard","meta":{"_jetpack_memberships_contains_paid_content":false,"footnotes":""},"categories":[4,1],"tags":[],"class_list":["post-100093","post","type-post","status-publish","format-standard","has-post-thumbnail","hentry","category-politica","category-portada"],"jetpack_featured_media_url":"https:\/\/i0.wp.com\/cdnoticias.com\/wp-content\/uploads\/2023\/10\/wesner-festejos-05.jpg?fit=800%2C445&ssl=1","jetpack_sharing_enabled":true,"_links":{"self":[{"href":"https:\/\/cdnoticias.com\/index.php\/wp-json\/wp\/v2\/posts\/100093","targetHints":{"allow":["GET"]}}],"collection":[{"href":"https:\/\/cdnoticias.com\/index.php\/wp-json\/wp\/v2\/posts"}],"about":[{"href":"https:\/\/cdnoticias.com\/index.php\/wp-json\/wp\/v2\/types\/post"}],"author":[{"embeddable":true,"href":"https:\/\/cdnoticias.com\/index.php\/wp-json\/wp\/v2\/users\/1"}],"replies":[{"embeddable":true,"href":"https:\/\/cdnoticias.com\/index.php\/wp-json\/wp\/v2\/comments?post=100093"}],"version-history":[{"count":0,"href":"https:\/\/cdnoticias.com\/index.php\/wp-json\/wp\/v2\/posts\/100093\/revisions"}],"wp:featuredmedia":[{"embeddable":true,"href":"https:\/\/cdnoticias.com\/index.php\/wp-json\/wp\/v2\/media\/99969"}],"wp:attachment":[{"href":"https:\/\/cdnoticias.com\/index.php\/wp-json\/wp\/v2\/media?parent=100093"}],"wp:term":[{"taxonomy":"category","embeddable":true,"href":"https:\/\/cdnoticias.com\/index.php\/wp-json\/wp\/v2\/categories?post=100093"},{"taxonomy":"post_tag","embeddable":true,"href":"https:\/\/cdnoticias.com\/index.php\/wp-json\/wp\/v2\/tags?post=100093"}],"curies":[{"name":"wp","href":"https:\/\/api.w.org\/{rel}","templated":true}]}}