{"id":100084,"date":"2023-10-24T00:56:33","date_gmt":"2023-10-24T11:27:59","guid":{"rendered":"https:\/\/www.centraldenoticias.com.ar\/?p=100084"},"modified":"2025-02-12T22:32:01","modified_gmt":"2025-02-13T01:32:01","slug":"la-10-fecha-del-torneo-oficial-tuvo-dos-partidos-y-festejo-chaira","status":"publish","type":"post","link":"https:\/\/cdnoticias.com\/index.php\/2023\/10\/24\/la-10-fecha-del-torneo-oficial-tuvo-dos-partidos-y-festejo-chaira\/","title":{"rendered":"La 10\u00b0 fecha del Torneo Oficial tuvo dos partidos y festejo \u201cChaira\u201d"},"content":{"rendered":"\n<div class=\"wp-block-group is-layout-constrained wp-block-group-is-layout-constrained\">\n<div class=\"wp-block-group is-layout-constrained wp-block-group-is-layout-constrained\">\n<div class=\"wp-block-group is-layout-constrained wp-block-group-is-layout-constrained\">\n<p>Prosigui\u00f3 la ante\u00faltima fecha del Torneo Oficial organizado por la Liga de F\u00fatbol de Olavarr\u00eda y fue con las presentaciones de Racing y El Fort\u00edn, los de arriba en la tabla de posiciones que ahora encuentra al \u201cChaira\u201d con m\u00e1s ventaja.<!--more--><\/p>\n<hr \/>\n<p>La d\u00e9cima y pen\u00faltima fecha del <strong>Torneo Oficial de Primera Divisi\u00f3n y Reserva<\/strong> sigui\u00f3 este lunes a pesar de la lluvia y fue con un festejo y una igualdad en equipos que buscan el primer lugar de la tabla de posiciones.<\/p>\n<p>\u00a0<\/p>\n<p>El <strong>\u201cChaira\u201d<\/strong>, en el Buglione Martinese, logr\u00f3 destrabar un duro partido y se impuso a San Mart\u00edn para llegar a las<strong> 25 unidades<\/strong> en el certamen y tomar ventaja de su inmediato perseguidor que no pas\u00f3 del empate.<\/p>\n<p>\u00a0<\/p>\n<p>[soliloquy id=&#8221;44072&#8243;]<\/p>\n<p>\u00a0<\/p>\n<p>Es que <strong>El Fort\u00edn e Hinojo terminaron en pardas<\/strong> en el Ricardo S\u00e1nchez, resultado que complic\u00f3 al conjunto dirigido por Fabricio Torres para seguir peleando el &#8220;1&#8221; aunque todos se definir\u00e1 en la \u00faltima jornada.<\/p>\n<p>\u00a0<\/p>\n<p>La fecha, que no tuvo los partidos de Reserva en la tarde de este lunes para preservar los campos de juegos, tendr\u00e1 dos nuevos duelos en el transcurso del martes y quedar\u00e1 tan solo un cruce para completarla.<\/p>\n<p>\u00a0<\/p>\n<ul>\n<li>\n<h6><strong>Los resultados:<\/strong><\/h6>\n<\/li>\n<\/ul>\n<p>\u00a0<\/p>\n<p><strong>Racing<\/strong> (Rub\u00e9n Tarasco y Ferm\u00edn Kolman)<strong> 2 \u2013 1<\/strong> <strong>San Mart\u00edn<\/strong> (Gilberto Gonz\u00e1lez)<\/p>\n<p><strong>El Fort\u00edn<\/strong> (Marcos Bonavetti) <strong>1 \u2013 1<\/strong> <strong>Hinojo<\/strong> (Facundo Mensi)<\/p>\n<p>Luj\u00e1n &#8211; Municipales (<strong>martes 19:00 en Embajadores<\/strong>)<\/p>\n<p>Estudiantes &#8211; Embajadores (martes 20:00 en el Parque Guerrero)<\/p>\n<p>Sierra Chica \u2013 Loma Negra (<strong>domingo 29<\/strong>)<\/p>\n<p>\u00a0<\/p>\n<p><\/p>\n<figure class=\"wp-block-image\"><img data-recalc-dims=\"1\" decoding=\"async\" class=\"wp-image-44085 aligncenter\" src=\"https:\/\/i0.wp.com\/cdnoticias.com\/wp-content\/uploads\/2023\/10\/Posiciones-10%C2%B0-Fecha-Primera-parcial.png?w=800&#038;ssl=1\" alt=\"\" \/><\/figure>\n<p>\u00a0<\/p>\n<p><strong>S\u00edntesis Racing \u2013 San Mart\u00edn:<\/strong><\/p>\n<p><strong>Racing (2):<\/strong>\u00a0Jos\u00e9 Matos; Joaqu\u00edn Ayesa (I. Baldo), Nicol\u00e1s Grigera, Pablo Mujica, Ayrton Palmieri; Alejandro Cataldi Vitale (D. Garabento), Manuel Scacheri (A. Rubio), Justino Borra (Ferm\u00edn Kolman); Mat\u00edas Ordozgoiti, Juan Fern\u00e1ndez (A. Gonz\u00e1lez), Rub\u00e9n Tarasco. DT- David Garc\u00eda Lorenzo.<\/p>\n<p><strong>San Mart\u00edn (1):<\/strong>\u00a0Santiago M\u00f3naco; Joaqu\u00edn Landaburu (T. Baldo), Facundo Becker, Juan Arata, Gianfranco Cataldi Vitale; Valent\u00edn Saloi\u00f1a (A. Brahim), Sebasti\u00e1n Rodr\u00edguez (M. Torres), Ezequiel Boado; Agust\u00edn Teixeira; Franco Vales, Gilberto Gonz\u00e1lez. DT- Ricardo Ferreyra.<\/p>\n<p><strong>Goles:<\/strong>\u00a0PT Rub\u00e9n Tarasco (RAC); PT Gilberto Gonz\u00e1lez (SM) y ST Ferm\u00edn Kolman (RAC).<\/p>\n<p><strong>Amonestados:<\/strong>\u00a0Cataldi (RAC); Arata y Sali\u00f1a (SM).<\/p>\n<p><strong>Expulsados:<\/strong>\u00a0No hubo.<\/p>\n<p><strong>\u00c1rbitro:\u00a0<\/strong>Marcos Palavecino<strong>. Estadio:<\/strong>\u00a0Jos\u00e9 Buglione Martinese.<\/p>\n<p><\/p>\n<\/div>\n<\/div>\n<\/div>\n","protected":false},"excerpt":{"rendered":"<p>Prosigui\u00f3 la ante\u00faltima fecha del Torneo Oficial organizado por la Liga de F\u00fatbol de Olavarr\u00eda y fue con las presentaciones<\/p>\n","protected":false},"author":96739694,"featured_media":158300,"comment_status":"closed","ping_status":"closed","sticky":false,"template":"","format":"standard","meta":{"_jetpack_memberships_contains_paid_content":false,"footnotes":""},"categories":[35,1,41],"tags":[],"class_list":["post-100084","post","type-post","status-publish","format-standard","has-post-thumbnail","hentry","category-futbol","category-portada","category-primera-y-reserva"],"jetpack_featured_media_url":"https:\/\/i0.wp.com\/cdnoticias.com\/wp-content\/uploads\/2023\/10\/rac-sm-2.jpg?fit=1280%2C853&ssl=1","jetpack_sharing_enabled":true,"_links":{"self":[{"href":"https:\/\/cdnoticias.com\/index.php\/wp-json\/wp\/v2\/posts\/100084","targetHints":{"allow":["GET"]}}],"collection":[{"href":"https:\/\/cdnoticias.com\/index.php\/wp-json\/wp\/v2\/posts"}],"about":[{"href":"https:\/\/cdnoticias.com\/index.php\/wp-json\/wp\/v2\/types\/post"}],"author":[{"embeddable":true,"href":"https:\/\/cdnoticias.com\/index.php\/wp-json\/wp\/v2\/users\/96739694"}],"replies":[{"embeddable":true,"href":"https:\/\/cdnoticias.com\/index.php\/wp-json\/wp\/v2\/comments?post=100084"}],"version-history":[{"count":0,"href":"https:\/\/cdnoticias.com\/index.php\/wp-json\/wp\/v2\/posts\/100084\/revisions"}],"wp:featuredmedia":[{"embeddable":true,"href":"https:\/\/cdnoticias.com\/index.php\/wp-json\/wp\/v2\/media\/158300"}],"wp:attachment":[{"href":"https:\/\/cdnoticias.com\/index.php\/wp-json\/wp\/v2\/media?parent=100084"}],"wp:term":[{"taxonomy":"category","embeddable":true,"href":"https:\/\/cdnoticias.com\/index.php\/wp-json\/wp\/v2\/categories?post=100084"},{"taxonomy":"post_tag","embeddable":true,"href":"https:\/\/cdnoticias.com\/index.php\/wp-json\/wp\/v2\/tags?post=100084"}],"curies":[{"name":"wp","href":"https:\/\/api.w.org\/{rel}","templated":true}]}}