{"id":100037,"date":"2023-10-23T19:30:14","date_gmt":"2023-10-23T22:30:14","guid":{"rendered":"https:\/\/www.centraldenoticias.com.ar\/?p=100037"},"modified":"2023-10-23T20:06:14","modified_gmt":"2023-10-23T23:06:14","slug":"legislatura-triple-empate-en-la-definicion-de-la-septima-seccion","status":"publish","type":"post","link":"https:\/\/cdnoticias.com\/index.php\/2023\/10\/23\/legislatura-triple-empate-en-la-definicion-de-la-septima-seccion\/","title":{"rendered":"Legislatura: \u201ctriple empate\u201d en la definici\u00f3n de la S\u00e9ptima Secci\u00f3n"},"content":{"rendered":"<p>Gan\u00f3 Uni\u00f3n por la Patria, aunque ingresar\u00e1 dos diputados, al igual que Juntos por el Cambio y La Libertad Avanza. Kicillof tendr\u00e1 el bloque mayoritario en el Senado y en Diputados habr\u00e1 paridad.<\/p>\n<p><!--more--><\/p>\n<hr \/>\n<p><strong>El resultado electoral del domingo en la S\u00e9ptima secci\u00f3n evidenci\u00f3 un \u201ctriple empate\u201d virtual<\/strong> en la definici\u00f3n de las seis bancas para la Legislatura.<\/p>\n<p>&nbsp;<\/p>\n<p>En los n\u00fameros <strong>venci\u00f3 Uni\u00f3n por la Patria que obtuvo 35,44% (66.326 votos)<\/strong>. En segundo lugar se ubic\u00f3 <strong>Juntos por el Cambio con 34,02%<\/strong> (63.666 votos). En tercer puesto qued\u00f3 <strong>La Libertad Avanza con 28,22%<\/strong> (52.814 votos).<\/p>\n<p>&nbsp;<\/p>\n<blockquote><p><a href=\"https:\/\/cdnoticias.com\/index.php\/2023\/10\/22\/diputados-seccionales-union-por-la-patria-se-llevo-tres-de-las-bancas-en-juego\/\" target=\"_blank\" rel=\"noopener\">Si bien inicialmente se inform\u00f3 que el reparto era 3-2-1<\/a>, finalmente cada sector ingresar\u00e1 dos lugares. Por el peronismo ser\u00e1n diputados desde el 10 de diciembre la concejala olavarriense Mercedes Land\u00edvar y el saladillense, titular de Aubasa y exdiputado Ricardo Lissalde; por JxC fue reelecta Alejandra Lord\u00e9n, tambi\u00e9n de Saladillo, y el concejal olavarriense Mart\u00edn Endere; y por LLA Carlos Agust\u00edn Romo Ortega -quien no tiene domicilio en ninguno de los distritos de la S\u00e9ptima- y Mar\u00eda Laura Fern\u00e1ndez.<\/p><\/blockquote>\n<p>&nbsp;<\/p>\n<p>Estos resultados deber\u00e1n ser corroborados con el escrutinio definitivo que comenzar\u00e1 el mi\u00e9rcoles.<\/p>\n<p>&nbsp;<\/p>\n<h2>La composici\u00f3n de la Legislatura<\/h2>\n<p>&nbsp;<\/p>\n<p>La Legislatura de la provincia de Buenos Aires tendr\u00e1 una nueva conformaci\u00f3n desde el pr\u00f3ximo 10 de diciembre y <strong>el reelecto gobernador Axel Kicillof (Uni\u00f3n por la Patria) contar\u00e1 en el Senado con el bloque mayoritario, en tanto que en la C\u00e1mara de Diputados habr\u00e1 una situaci\u00f3n de paridad<\/strong> con el bloque de Juntos por el Cambio (JxC).<\/p>\n<p>&nbsp;<\/p>\n<p>Esto sucede porque, de acuerdo al escrutinio provisorio, en <strong>Diputados<\/strong> -donde se renovaron 46 esca\u00f1os sobre un total de 92- <strong>el frente oficialista sum\u00f3 18 legisladores, JxC 15 y La Libertad Avanza (LLA) 13.<\/strong><\/p>\n<p>&nbsp;<\/p>\n<p>De confirmarse esos n\u00fameros, <strong>el justicialismo y Juntos contar\u00e1n desde diciembre en la C\u00e1mara de Diputados con 37 legisladores cada uno<\/strong>; mientras que <strong>los libertarios llegar\u00e1n a 16<\/strong>, adem\u00e1s de dos bancas unipersonales.<\/p>\n<p>&nbsp;<\/p>\n<p>En la<strong> C\u00e1mara Alta<\/strong>, donde se renovaron 23 de las 46 bancas, <strong>UxP obtuvo 11 esca\u00f1os, mientras que JxC lleg\u00f3 a siete y la ultraderecha a cinco<\/strong>.<\/p>\n<p>&nbsp;<\/p>\n<blockquote><p>As\u00ed, a partir del 10 de diciembre el bloque de Uni\u00f3n por la Patria tendr\u00e1 21 senadores, mientras que Juntos por el Cambio contar\u00e1 con 20 y La Libertad Avanza con 5.<\/p><\/blockquote>\n<p>&nbsp;<\/p>\n<p>De este modo, <strong>el oficialismo no tendr\u00e1 quorum propio en ninguna de las dos c\u00e1maras<\/strong> -se alcanza con 24 senadores y con 47 diputados- y tendr\u00e1 que negociar en la C\u00e1mara alta con Cambiemos y los libertarios; mientras que en la C\u00e1mara baja lo har\u00e1 con esas bancadas y con las de la Izquierda.<\/p>\n<p>&nbsp;<\/p>\n<h2>Legisladores por secciones electorales<\/h2>\n<p>&nbsp;<\/p>\n<p>En la <strong>Primera Secci\u00f3n<\/strong>, que comprende 23 distritos del norte y oeste del conurbano bonaerense y donde se eligieron 15 diputados: siete ser\u00e1n para UxP, cuatro para JxC y cuatro ser\u00e1n de LLA.<\/p>\n<p>&nbsp;<\/p>\n<p>Quienes ingresan por el justicialismo son el actual vicepresidente de Diputados, Rub\u00e9n Eslaiman; la concejala de Moreno Mar\u00eda Noelia Saavedra; el referente de La C\u00e1mpora en Hurlingham, Mart\u00edn Rodr\u00edguez; la directora de Desarrollo Territorial de Anses de Ituzaing\u00f3, Margarita Recalde; Leonardo Moreno; Soledad Alonso; y Jos\u00e9 Mar\u00eda Fern\u00e1ndez.<\/p>\n<p>&nbsp;<\/p>\n<p>Por JxC entrar\u00e1n Juan Jos\u00e9 Esper, secretario de Gobierno de la Municipalidad de San Miguel; Rita Sallaberry, concejala de Luj\u00e1n; Agust\u00edn Forchieri, exlegislador porte\u00f1o; y Oriana Colugnatti; y por LLA, Carlos Luayza Troncozo; Jazm\u00edn Carrizo; Teodoro Vera Chavez; y Viviana Romano.<\/p>\n<p>&nbsp;<\/p>\n<p>En la <strong>Segunda Secci\u00f3n<\/strong>, comprendida por 15 distritos del norte de la provincia, y en donde se votaron cinco senadores, ingresar\u00e1n dos legisladores por Uni\u00f3n por la Patria: el ministro de Seguridad bonaerense, Sergio Berni, y la concejala de Pergamino Laura Clark, de Nuevo Encuentro; otros dos por Juntos: la subsecretaria de Cultura de San Nicol\u00e1s, Mar\u00eda Emilia Subiza y Juan Manuel Rico Zini, del PRO de Pergamino; y el armador pol\u00edtico de Javier Milei, Carlos Kikuchi por LLA.<\/p>\n<p>&nbsp;<\/p>\n<p>En la <strong>Tercera Secci\u00f3n<\/strong>, compuesta por 19 distritos de la zona sur del conurbano y donde se eligieron nueve senadores, ingresar\u00e1n por UxP el actual senador de La C\u00e1mpora, Emmanuel Gonz\u00e1lez Santalla; la delegada de la Defensor\u00eda del Pueblo en La Matanza, Amira Curi; el actual senador Adri\u00e1n Santarelli; Mar\u00eda Rosa Mart\u00ednez; y Federico Fagioli.<\/p>\n<p>&nbsp;<\/p>\n<p>Por LLA entrar\u00e1 otro de los armadores de Milei, Sebasti\u00e1n Pareja y tambi\u00e9n Betina Riva; mientras que por el macrismo lo har\u00e1n el concejal de Lan\u00fas Jorge Schiavone y la asesora en Seguridad, Florencia Arietto.<\/p>\n<p>&nbsp;<\/p>\n<p>En la <strong>Cuarta Secci\u00f3n<\/strong>, conformada por 19 distritos del noroeste provincial y en la que se votaron 14 diputados, el peronismo sum\u00f3 cinco esca\u00f1os: el actual secretario de Municipios de la Naci\u00f3n, Avelino Zurro; la actual diputada Viviana Guzzo; el exministro de Transporte y exintendente de General Pinto Alexis Guerrera; y los actuales diputados Micaela Olivetto y Germ\u00e1n Di Cesare.<\/p>\n<p>&nbsp;<\/p>\n<p>Por JxC ser\u00e1n otros cinco: Valent\u00edn Miranda, del radicalismo de Trenque Lauquen; Silvina Vaccarezza, del monzoismo de Alberti; Luciano Bugallo, del espacio de Elisa Carri\u00f3, de General Arenales; la diputada Mar\u00eda Laura Ricchini; Fernando Rovello, del PRO de Pehuaj\u00f3; y cuatro los libertarios: Gustavo Cuervo; Salom\u00e9 Jalil Toledo; Mart\u00edn Rozas; Blanca Alessi.<\/p>\n<p>&nbsp;<\/p>\n<p>En la <strong>Quinta Secci\u00f3n<\/strong>, compuesta por 23 distritos del este bonaerense y en la que se eligieron 11 diputados, el justicialismo tendr\u00e1 cuatro legisladores: el exintendente de Mar del Plata, Gustavo Pulti; la encargada de la oficina de la Anses en Monte, Marcela Basualdo; el actual diputado Juan Pablo De Jes\u00fas; y la actual diputada Luciana Padulo.<\/p>\n<p>&nbsp;<\/p>\n<p>En tanto, Juntos contar\u00e1 con cuatro: Diego Garciarena, actual prosecretario legislativo de la C\u00e1mara de Diputados; Sof\u00eda Pomponio, exfuncionaria marplatense; Mat\u00edas Civale, del radicalismo de Tandil; y Romina Braga, del ARI y LLA con tres: el marplatense Alejandro Carrancio; Sabrina Sabat; Gast\u00f3n Abonjo.<\/p>\n<p>&nbsp;<\/p>\n<p>En la <strong>Sexta Secci\u00f3n<\/strong>, que conforman los 22 distritos del sur provincial y en la que se eligieron seis senadores, las tres principales fuerzas lograron dos legisladores. De ese modo, ocupar\u00e1n un esca\u00f1o por Uni\u00f3n por la Patria los actuales diputados Marcelo Feli\u00fa y Ayel\u00e9n Dur\u00e1n; por Juntos lo har\u00e1n la radical Nerina Neumann y el actual diputados Alex Campbell y por La Libertad Sergio Vargas y Silvana Ventura.<\/p>\n<p>&nbsp;<\/p>\n<p>En la <strong>S\u00e9ptima Secci\u00f3n<\/strong>, que comprende a ocho distritos del centro bonaerense y donde se votaron seis diputados, tambi\u00e9n UxP, JxC y LLA alcanzaron dos legisladores cada una: por el peronismo ingresar\u00e1n la concejala olavarriense Mercedes Land\u00edvar Vallerio y el titular de Aubasa y exdiputado Ricardo Lissalde; por JxC la actaual diputada Alejandra Lord\u00e9n y Mart\u00edn Endere, de Olavarr\u00eda; y por LLA Carlos Agust\u00edn Romo Ortega y Mar\u00eda Laura Fern\u00e1ndez.<\/p>\n<p>&nbsp;<\/p>\n<p>Por \u00faltimo, en la <strong>Octava secci\u00f3n<\/strong>, que integra La Plata como distrito \u00fanico y en la que se eligieron tres senadores, entrar\u00e1n la titular del Instituto Cultural, Florencia Saintout y el secretario general de la Asociaci\u00f3n de Trabajadores de la Sanidad Argentina (ATSA), Pedro Borgini por el peronismo y el secretario de Gobierno platense, Marcelo &#8220;Chuby&#8221; Leguizam\u00f3n Brown.<\/p>\n<p>&nbsp;<\/p>\n<p>Fuente: <em>con informaci\u00f3n de T\u00e9lam<\/em><\/p>\n","protected":false},"excerpt":{"rendered":"<p>Gan\u00f3 Uni\u00f3n por la Patria, aunque ingresar\u00e1 dos diputados, al igual que Juntos por el Cambio y La Libertad Avanza.<\/p>\n","protected":false},"author":1,"featured_media":100021,"comment_status":"closed","ping_status":"closed","sticky":false,"template":"","format":"standard","meta":{"_jetpack_memberships_contains_paid_content":false,"footnotes":""},"categories":[4,1],"tags":[],"class_list":["post-100037","post","type-post","status-publish","format-standard","has-post-thumbnail","hentry","category-politica","category-portada"],"jetpack_featured_media_url":"https:\/\/i0.wp.com\/cdnoticias.com\/wp-content\/uploads\/2023\/10\/diputados-electos-00.jpg?fit=800%2C445&ssl=1","jetpack_sharing_enabled":true,"_links":{"self":[{"href":"https:\/\/cdnoticias.com\/index.php\/wp-json\/wp\/v2\/posts\/100037","targetHints":{"allow":["GET"]}}],"collection":[{"href":"https:\/\/cdnoticias.com\/index.php\/wp-json\/wp\/v2\/posts"}],"about":[{"href":"https:\/\/cdnoticias.com\/index.php\/wp-json\/wp\/v2\/types\/post"}],"author":[{"embeddable":true,"href":"https:\/\/cdnoticias.com\/index.php\/wp-json\/wp\/v2\/users\/1"}],"replies":[{"embeddable":true,"href":"https:\/\/cdnoticias.com\/index.php\/wp-json\/wp\/v2\/comments?post=100037"}],"version-history":[{"count":0,"href":"https:\/\/cdnoticias.com\/index.php\/wp-json\/wp\/v2\/posts\/100037\/revisions"}],"wp:featuredmedia":[{"embeddable":true,"href":"https:\/\/cdnoticias.com\/index.php\/wp-json\/wp\/v2\/media\/100021"}],"wp:attachment":[{"href":"https:\/\/cdnoticias.com\/index.php\/wp-json\/wp\/v2\/media?parent=100037"}],"wp:term":[{"taxonomy":"category","embeddable":true,"href":"https:\/\/cdnoticias.com\/index.php\/wp-json\/wp\/v2\/categories?post=100037"},{"taxonomy":"post_tag","embeddable":true,"href":"https:\/\/cdnoticias.com\/index.php\/wp-json\/wp\/v2\/tags?post=100037"}],"curies":[{"name":"wp","href":"https:\/\/api.w.org\/{rel}","templated":true}]}}