{"id":100007,"date":"2023-10-23T01:40:36","date_gmt":"2023-10-23T04:40:36","guid":{"rendered":"https:\/\/www.centraldenoticias.com.ar\/?p=100007"},"modified":"2023-10-23T02:23:33","modified_gmt":"2023-10-23T05:23:33","slug":"el-hcd-que-viene-jxc-pierde-bancas-uxp-mantiene-y-ahora-olavarria-los-ganadores","status":"publish","type":"post","link":"https:\/\/cdnoticias.com\/index.php\/2023\/10\/23\/el-hcd-que-viene-jxc-pierde-bancas-uxp-mantiene-y-ahora-olavarria-los-ganadores\/","title":{"rendered":"El HCD que viene: JxC pierde bancas, UxP mantiene y Ahora Olavarr\u00eda, los ganadores"},"content":{"rendered":"<p>El escrutinio provisorio arroja que UxP ingresar\u00e1 cuatro concejales, mientras que La Libertad Avanza y Juntos por el Cambio sumar\u00e1n tres ediles.<\/p>\n<p><!--more--><\/p>\n<hr \/>\n<p>El resultado de las elecciones generales de este domingo <strong>modificar\u00e1 el escenario en el Concejo Deliberante de Olavarr\u00eda<\/strong>.<\/p>\n<p>&nbsp;<\/p>\n<blockquote><p>El escrutinio provisorio arroja que, en diciembre Uni\u00f3n por la Patria ingresar\u00e1 cuatro concejales, mientras que La Libertad Avanza y Juntos por el Cambio sumar\u00e1n tres ediles cada uno.<\/p><\/blockquote>\n<p>&nbsp;<\/p>\n<p>De esta manera, <strong>Juntos por el Cambio perder\u00e1 bancas<\/strong> -pasar\u00e1 de los actuales 9 a 5 ediles-, <strong>Uni\u00f3n por la Patria mantiene su n\u00famero<\/strong> -seguir\u00e1 con 8 en el interbloque que tiene tambi\u00e9n a Foro Olavarr\u00eda- y <strong>Ahora Olavarr\u00eda es la gran ganadora al cuatriplicar sus integrantes<\/strong> -hoy es unibloque y pasar\u00e1 a tener 4 miembros-.<\/p>\n<p>&nbsp;<\/p>\n<p><img data-recalc-dims=\"1\" loading=\"lazy\" decoding=\"async\" class=\"size-full wp-image-98932 aligncenter\" src=\"https:\/\/i0.wp.com\/cdnoticias.com\/wp-content\/uploads\/2023\/10\/HCD-votacion-00.jpg?resize=800%2C445&#038;ssl=1\" alt=\"\" width=\"800\" height=\"445\" srcset=\"https:\/\/i0.wp.com\/cdnoticias.com\/wp-content\/uploads\/2023\/10\/HCD-votacion-00.jpg?w=1000&amp;ssl=1 1000w, https:\/\/i0.wp.com\/cdnoticias.com\/wp-content\/uploads\/2023\/10\/HCD-votacion-00.jpg?resize=300%2C167&amp;ssl=1 300w, https:\/\/i0.wp.com\/cdnoticias.com\/wp-content\/uploads\/2023\/10\/HCD-votacion-00.jpg?resize=768%2C427&amp;ssl=1 768w, https:\/\/i0.wp.com\/cdnoticias.com\/wp-content\/uploads\/2023\/10\/HCD-votacion-00.jpg?resize=800%2C445&amp;ssl=1 800w\" sizes=\"auto, (max-width: 800px) 100vw, 800px\" \/><\/p>\n<p>&nbsp;<\/p>\n<h2>Los concejales electos<\/h2>\n<p>&nbsp;<\/p>\n<p>Por <strong>Uni\u00f3n por la Patria<\/strong>, los concejales electos son <strong>Federico Aguilera, Liliana Schwindt, Guillermo Santell\u00e1n y Andrea Abraham<\/strong>.<\/p>\n<p>&nbsp;<\/p>\n<p>Cabe se\u00f1alar que en este bloque est\u00e1 actualmente <strong>Maximiliano Wesner, quien ser\u00e1 reemplazado por Agust\u00edn Alberto Romero<\/strong>, el siguiente en la lista de suplentes del Frente de Todos de 2021 por la que entr\u00f3 el electo intendente este domingo.<\/p>\n<p>&nbsp;<\/p>\n<figure id=\"attachment_99985\" aria-describedby=\"caption-attachment-99985\" style=\"width: 800px\" class=\"wp-caption aligncenter\"><img data-recalc-dims=\"1\" loading=\"lazy\" decoding=\"async\" class=\"wp-image-99985 size-full\" src=\"https:\/\/i0.wp.com\/cdnoticias.com\/wp-content\/uploads\/2023\/10\/arouxet-celeste-03.jpg?resize=800%2C445&#038;ssl=1\" alt=\"\" width=\"800\" height=\"445\" srcset=\"https:\/\/i0.wp.com\/cdnoticias.com\/wp-content\/uploads\/2023\/10\/arouxet-celeste-03.jpg?w=800&amp;ssl=1 800w, https:\/\/i0.wp.com\/cdnoticias.com\/wp-content\/uploads\/2023\/10\/arouxet-celeste-03.jpg?resize=300%2C167&amp;ssl=1 300w, https:\/\/i0.wp.com\/cdnoticias.com\/wp-content\/uploads\/2023\/10\/arouxet-celeste-03.jpg?resize=768%2C427&amp;ssl=1 768w\" sizes=\"auto, (max-width: 800px) 100vw, 800px\" \/><figcaption id=\"caption-attachment-99985\" class=\"wp-caption-text\">Celeste Arouxet junto a Guillermo Lascano y Marcelo Petehs, dos que se sumar\u00e1n a su bloque.<\/figcaption><\/figure>\n<p>&nbsp;<\/p>\n<p>Por <strong>La Libertad Avanza<\/strong>, los concejales electos son <strong>Guillermo Lascano, Adela Casamayor y Marcelo Petehs<\/strong>. Se sumar\u00e1n al bloque de Ahora Olavarr\u00eda.<\/p>\n<p>&nbsp;<\/p>\n<p>Por <strong>Juntos por el Cambio<\/strong>, fueron elegidos <strong>Hilario Galli, Guillermina Amespil y Francisco Gonz\u00e1lez<\/strong>. Los dos primeros se sumar\u00e1n al bloque de Juntos. El tercero se integrar\u00e1 a la bancada de UCR-Juntos.<\/p>\n<p>&nbsp;<\/p>\n<h2>Qui\u00e9nes se van<\/h2>\n<p>&nbsp;<\/p>\n<p>Terminan su mandato los 10 concejales elegidos en 2019. Por el <strong>oficialismo<\/strong>, dejar\u00e1n sus bancas <strong>Mariana Diamanti, Mart\u00edn Endere, Mar\u00eda Cecilia Krivochen, Nicol\u00e1s Marinangeli, Juan Andr\u00e9s Mujica y Maite Edith Salerno<\/strong>.<\/p>\n<p>&nbsp;<\/p>\n<figure id=\"attachment_97748\" aria-describedby=\"caption-attachment-97748\" style=\"width: 800px\" class=\"wp-caption aligncenter\"><img data-recalc-dims=\"1\" loading=\"lazy\" decoding=\"async\" class=\"wp-image-97748 size-full\" src=\"https:\/\/i0.wp.com\/cdnoticias.com\/wp-content\/uploads\/2023\/09\/HCd-sesion.jpg?resize=800%2C445&#038;ssl=1\" alt=\"\" width=\"800\" height=\"445\" srcset=\"https:\/\/i0.wp.com\/cdnoticias.com\/wp-content\/uploads\/2023\/09\/HCd-sesion.jpg?w=800&amp;ssl=1 800w, https:\/\/i0.wp.com\/cdnoticias.com\/wp-content\/uploads\/2023\/09\/HCd-sesion.jpg?resize=300%2C167&amp;ssl=1 300w, https:\/\/i0.wp.com\/cdnoticias.com\/wp-content\/uploads\/2023\/09\/HCd-sesion.jpg?resize=768%2C427&amp;ssl=1 768w\" sizes=\"auto, (max-width: 800px) 100vw, 800px\" \/><figcaption id=\"caption-attachment-97748\" class=\"wp-caption-text\">En principio, el HCD mantendr\u00e1 cinco bloques desde diciembre.<\/figcaption><\/figure>\n<p>&nbsp;<\/p>\n<p>En el bloque de <strong>Uni\u00f3n por la Patria<\/strong> dejar\u00e1n sus bancas <strong>Mar\u00eda Mercedes Land\u00edvar, Juan Eduardo S\u00e1nchez y Ubaldo Garc\u00eda<\/strong>.<\/p>\n<p>&nbsp;<\/p>\n<p>Del bloque del <strong>massismo, Foro Olavarr\u00eda<\/strong>, cumplir\u00e1 cuatro a\u00f1os en diciembre <strong>In\u00e9s Creimer<\/strong>.<\/p>\n","protected":false},"excerpt":{"rendered":"<p>El escrutinio provisorio arroja que UxP ingresar\u00e1 cuatro concejales, mientras que La Libertad Avanza y Juntos por el Cambio sumar\u00e1n<\/p>\n","protected":false},"author":1,"featured_media":100008,"comment_status":"closed","ping_status":"closed","sticky":false,"template":"","format":"standard","meta":{"_jetpack_memberships_contains_paid_content":false,"footnotes":""},"categories":[4,1],"tags":[],"class_list":["post-100007","post","type-post","status-publish","format-standard","has-post-thumbnail","hentry","category-politica","category-portada"],"jetpack_featured_media_url":"https:\/\/i0.wp.com\/cdnoticias.com\/wp-content\/uploads\/2023\/10\/HCD-electos.jpg?fit=1000%2C556&ssl=1","jetpack_sharing_enabled":true,"_links":{"self":[{"href":"https:\/\/cdnoticias.com\/index.php\/wp-json\/wp\/v2\/posts\/100007","targetHints":{"allow":["GET"]}}],"collection":[{"href":"https:\/\/cdnoticias.com\/index.php\/wp-json\/wp\/v2\/posts"}],"about":[{"href":"https:\/\/cdnoticias.com\/index.php\/wp-json\/wp\/v2\/types\/post"}],"author":[{"embeddable":true,"href":"https:\/\/cdnoticias.com\/index.php\/wp-json\/wp\/v2\/users\/1"}],"replies":[{"embeddable":true,"href":"https:\/\/cdnoticias.com\/index.php\/wp-json\/wp\/v2\/comments?post=100007"}],"version-history":[{"count":0,"href":"https:\/\/cdnoticias.com\/index.php\/wp-json\/wp\/v2\/posts\/100007\/revisions"}],"wp:featuredmedia":[{"embeddable":true,"href":"https:\/\/cdnoticias.com\/index.php\/wp-json\/wp\/v2\/media\/100008"}],"wp:attachment":[{"href":"https:\/\/cdnoticias.com\/index.php\/wp-json\/wp\/v2\/media?parent=100007"}],"wp:term":[{"taxonomy":"category","embeddable":true,"href":"https:\/\/cdnoticias.com\/index.php\/wp-json\/wp\/v2\/categories?post=100007"},{"taxonomy":"post_tag","embeddable":true,"href":"https:\/\/cdnoticias.com\/index.php\/wp-json\/wp\/v2\/tags?post=100007"}],"curies":[{"name":"wp","href":"https:\/\/api.w.org\/{rel}","templated":true}]}}